{
    "id": 7244,
    "date": "2024-04-09T12:04:38",
    "date_gmt": "2024-04-09T09:04:38",
    "guid": {
        "rendered": "https:\/\/visitoulu.fi\/?p=7244"
    },
    "modified": "2024-04-09T12:04:39",
    "modified_gmt": "2024-04-09T09:04:39",
    "slug": "tapahtumat-oulu",
    "status": "publish",
    "type": "post",
    "link": "http:\/\/visitoulufi-2025-10-14_10_27_17.test.cchosting.fi\/fi\/tapahtumat-oulu\/",
    "title": {
        "rendered": "5 tapahtumaa, joista Oulu tunnetaan! Oulun tapahtumat hurmaavat omintakeisuudellaan"
    },
    "content": {
        "rendered": "<p>Oulu on el\u00e4v\u00e4inen tapahtumakaupunki, joka tunnetaan omintakeisuudestaan. Vai milt\u00e4 sinun mielest\u00e4si kuulostavat ilmakitaransoiton mm-kisat, festivaalit j\u00e4\u00e4tyneell\u00e4 merell\u00e4 tai kilpailu, jossa yritt\u00e4j\u00e4t pitchaavat ideoitaan hyyt\u00e4v\u00e4ss\u00e4 avannossa n\u00f6k\u00f6tt\u00e4en? Ei olekaan ihme, ett\u00e4 Oulu on valittu Euroopan kulttuurip\u00e4\u00e4kaupungiksi vuodelle 2026! Listasimme 5 erilaista tapahtumaa, joista Oulu tunnetaan. Monessako n\u00e4ist\u00e4 sin\u00e4 olet vieraillut \u2013 ja mihin suuntaat seuraavaksi?<\/p>",
        "protected": false
    },
    "excerpt": {
        "rendered": "<p>Oulu on el\u00e4v\u00e4inen tapahtumakaupunki, joka tunnetaan omintakeisuudestaan. Vai milt\u00e4 sinun mielest\u00e4si kuulostavat ilmakitaransoiton mm-kisat, festivaalit j\u00e4\u00e4tyneell\u00e4 merell\u00e4 tai kilpailu, jossa yritt\u00e4j\u00e4t pitchaavat ideoitaan hyyt\u00e4v\u00e4ss\u00e4 avannossa n\u00f6k\u00f6tt\u00e4en? Ei olekaan ihme, ett\u00e4 Oulu on valittu Euroopan kulttuurip\u00e4\u00e4kaupungiksi vuodelle 2026! Listasimme 5 erilaista tapahtumaa, joista Oulu tunnetaan. Monessako n\u00e4ist\u00e4 sin\u00e4 olet vieraillut \u2013 ja mihin suuntaat seuraavaksi? [&#8230;]<\/p>\n<p><a class=\"btn btn-secondary understrap-read-more-link\" href=\"http:\/\/visitoulufi-2025-10-14_10_27_17.test.cchosting.fi\/fi\/tapahtumat-oulu\/\">Lue lis\u00e4\u00e4&#8230;<span class=\"screen-reader-text\"> from 5 tapahtumaa, joista Oulu tunnetaan! Oulun tapahtumat hurmaavat omintakeisuudellaan<\/span><\/a><\/p>",
        "protected": false
    },
    "author": 16,
    "featured_media": 7252,
    "comment_status": "closed",
    "ping_status": "open",
    "sticky": false,
    "template": "",
    "format": "standard",
    "meta": {
        "_acf_changed": false,
        "content-type": "",
        "footnotes": ""
    },
    "categories": [
        111
    ],
    "tags": [],
    "coauthors": [
        170
    ],
    "class_list": [
        "post-7244",
        "post",
        "type-post",
        "status-publish",
        "format-standard",
        "has-post-thumbnail",
        "hentry",
        "category-naekoe"
    ],
    "acf": [],
    "yoast_head": "<!-- This site is optimized with the Yoast SEO plugin v26.0 - https:\/\/yoast.com\/wordpress\/plugins\/seo\/ -->\n<title>5 tapahtumaa, joista Oulu tunnetaan! Oulun tapahtumat hurmaavat omintakeisuudellaan - Visit Oulu<\/title>\n<meta name=\"robots\" content=\"index, follow, max-snippet:-1, max-image-preview:large, max-video-preview:-1\" \/>\n<link rel=\"canonical\" href=\"https:\/\/visitoulufi-2025-10-14_10_27_17.test.cchosting.fi\/fi\/tapahtumat-oulu\/\" \/>\n<meta property=\"og:locale\" content=\"fi_FI\" \/>\n<meta property=\"og:type\" content=\"article\" \/>\n<meta property=\"og:title\" content=\"5 tapahtumaa, joista Oulu tunnetaan! Oulun tapahtumat hurmaavat omintakeisuudellaan - Visit Oulu\" \/>\n<meta property=\"og:description\" content=\"Oulu on el\u00e4v\u00e4inen tapahtumakaupunki, joka tunnetaan omintakeisuudestaan. Vai milt\u00e4 sinun mielest\u00e4si kuulostavat ilmakitaransoiton mm-kisat, festivaalit j\u00e4\u00e4tyneell\u00e4 merell\u00e4 tai kilpailu, jossa yritt\u00e4j\u00e4t pitchaavat ideoitaan hyyt\u00e4v\u00e4ss\u00e4 avannossa n\u00f6k\u00f6tt\u00e4en? Ei olekaan ihme, ett\u00e4 Oulu on valittu Euroopan kulttuurip\u00e4\u00e4kaupungiksi vuodelle 2026! Listasimme 5 erilaista tapahtumaa, joista Oulu tunnetaan. Monessako n\u00e4ist\u00e4 sin\u00e4 olet vieraillut \u2013 ja mihin suuntaat seuraavaksi? [...]Lue lis\u00e4\u00e4... from 5 tapahtumaa, joista Oulu tunnetaan! Oulun tapahtumat hurmaavat omintakeisuudellaan\" \/>\n<meta property=\"og:url\" content=\"https:\/\/visitoulufi-2025-10-14_10_27_17.test.cchosting.fi\/fi\/tapahtumat-oulu\/\" \/>\n<meta property=\"og:site_name\" content=\"Visit Oulu\" \/>\n<meta property=\"article:published_time\" content=\"2024-04-09T09:04:38+00:00\" \/>\n<meta property=\"article:modified_time\" content=\"2024-04-09T09:04:39+00:00\" \/>\n<meta property=\"og:image\" content=\"https:\/\/visitoulufi-2025-10-14_10_27_17.test.cchosting.fi\/wp-content\/uploads\/2024\/04\/Visit-Oulu-Winter-2024-Full-Size-Damon-Eva_-9.jpg\" \/>\n\t<meta property=\"og:image:width\" content=\"2048\" \/>\n\t<meta property=\"og:image:height\" content=\"1365\" \/>\n\t<meta property=\"og:image:type\" content=\"image\/jpeg\" \/>\n<meta name=\"author\" content=\"Martta Tervonen\" \/>\n<meta name=\"twitter:card\" content=\"summary_large_image\" \/>\n<meta name=\"twitter:label1\" content=\"Kirjoittanut\" \/>\n\t<meta name=\"twitter:data1\" content=\"Martta Tervonen\" \/>\n\t<meta name=\"twitter:label2\" content=\"Arvioitu lukuaika\" \/>\n\t<meta name=\"twitter:data2\" content=\"1 minuutti\" \/>\n\t<meta name=\"twitter:label3\" content=\"Written by\" \/>\n\t<meta name=\"twitter:data3\" content=\"Martta Tervonen\" \/>\n<script type=\"application\/ld+json\" class=\"yoast-schema-graph\">{\"@context\":\"https:\/\/schema.org\",\"@graph\":[{\"@type\":\"WebPage\",\"@id\":\"https:\/\/visitoulufi-2025-10-14_10_27_17.test.cchosting.fi\/tapahtumat-oulu\/\",\"url\":\"https:\/\/visitoulufi-2025-10-14_10_27_17.test.cchosting.fi\/tapahtumat-oulu\/\",\"name\":\"5 tapahtumaa, joista Oulu tunnetaan! Oulun tapahtumat hurmaavat omintakeisuudellaan - Visit Oulu\",\"isPartOf\":{\"@id\":\"https:\/\/visitoulufi-2025-10-14_10_27_17.test.cchosting.fi\/#website\"},\"primaryImageOfPage\":{\"@id\":\"https:\/\/visitoulufi-2025-10-14_10_27_17.test.cchosting.fi\/tapahtumat-oulu\/#primaryimage\"},\"image\":{\"@id\":\"https:\/\/visitoulufi-2025-10-14_10_27_17.test.cchosting.fi\/tapahtumat-oulu\/#primaryimage\"},\"thumbnailUrl\":\"https:\/\/visitoulufi-2025-10-14_10_27_17.test.cchosting.fi\/wp-content\/uploads\/2024\/04\/Visit-Oulu-Winter-2024-Full-Size-Damon-Eva_-9.jpg\",\"datePublished\":\"2024-04-09T09:04:38+00:00\",\"dateModified\":\"2024-04-09T09:04:39+00:00\",\"author\":{\"@id\":\"https:\/\/visitoulufi-2025-10-14_10_27_17.test.cchosting.fi\/#\/schema\/person\/e4fa22cddd885815635ef576a4671ea5\"},\"breadcrumb\":{\"@id\":\"https:\/\/visitoulufi-2025-10-14_10_27_17.test.cchosting.fi\/tapahtumat-oulu\/#breadcrumb\"},\"inLanguage\":\"fi\",\"potentialAction\":[{\"@type\":\"ReadAction\",\"target\":[\"https:\/\/visitoulufi-2025-10-14_10_27_17.test.cchosting.fi\/tapahtumat-oulu\/\"]}]},{\"@type\":\"ImageObject\",\"inLanguage\":\"fi\",\"@id\":\"https:\/\/visitoulufi-2025-10-14_10_27_17.test.cchosting.fi\/tapahtumat-oulu\/#primaryimage\",\"url\":\"https:\/\/visitoulufi-2025-10-14_10_27_17.test.cchosting.fi\/wp-content\/uploads\/2024\/04\/Visit-Oulu-Winter-2024-Full-Size-Damon-Eva_-9.jpg\",\"contentUrl\":\"https:\/\/visitoulufi-2025-10-14_10_27_17.test.cchosting.fi\/wp-content\/uploads\/2024\/04\/Visit-Oulu-Winter-2024-Full-Size-Damon-Eva_-9.jpg\",\"width\":2048,\"height\":1365},{\"@type\":\"BreadcrumbList\",\"@id\":\"https:\/\/visitoulufi-2025-10-14_10_27_17.test.cchosting.fi\/tapahtumat-oulu\/#breadcrumb\",\"itemListElement\":[{\"@type\":\"ListItem\",\"position\":1,\"name\":\"Etusivu\",\"item\":\"https:\/\/visitoulufi-2025-10-14_10_27_17.test.cchosting.fi\/\"},{\"@type\":\"ListItem\",\"position\":2,\"name\":\"5 tapahtumaa, joista Oulu tunnetaan! Oulun tapahtumat hurmaavat omintakeisuudellaan\"}]},{\"@type\":\"WebSite\",\"@id\":\"https:\/\/visitoulufi-2025-10-14_10_27_17.test.cchosting.fi\/#website\",\"url\":\"https:\/\/visitoulufi-2025-10-14_10_27_17.test.cchosting.fi\/\",\"name\":\"Visit Oulu\",\"description\":\"\",\"potentialAction\":[{\"@type\":\"SearchAction\",\"target\":{\"@type\":\"EntryPoint\",\"urlTemplate\":\"https:\/\/visitoulufi-2025-10-14_10_27_17.test.cchosting.fi\/?s={search_term_string}\"},\"query-input\":{\"@type\":\"PropertyValueSpecification\",\"valueRequired\":true,\"valueName\":\"search_term_string\"}}],\"inLanguage\":\"fi\"},{\"@type\":\"Person\",\"@id\":\"https:\/\/visitoulufi-2025-10-14_10_27_17.test.cchosting.fi\/#\/schema\/person\/e4fa22cddd885815635ef576a4671ea5\",\"name\":\"Martta Tervonen\",\"image\":{\"@type\":\"ImageObject\",\"inLanguage\":\"fi\",\"@id\":\"https:\/\/visitoulufi-2025-10-14_10_27_17.test.cchosting.fi\/#\/schema\/person\/image\/f7518900e54810cb0b6e210276371a2b\",\"url\":\"https:\/\/secure.gravatar.com\/avatar\/5d56cbcb037a03cd27f55c0d517ea5d960decae21472e09ed443ee49b54972e6?s=96&d=mm&r=g\",\"contentUrl\":\"https:\/\/secure.gravatar.com\/avatar\/5d56cbcb037a03cd27f55c0d517ea5d960decae21472e09ed443ee49b54972e6?s=96&d=mm&r=g\",\"caption\":\"Martta Tervonen\"},\"url\":\"http:\/\/visitoulufi-2025-10-14_10_27_17.test.cchosting.fi\/fi\/author\/martta\/\"}]}<\/script>\n<!-- \/ Yoast SEO plugin. -->",
    "yoast_head_json": {
        "title": "5 tapahtumaa, joista Oulu tunnetaan! Oulun tapahtumat hurmaavat omintakeisuudellaan - Visit Oulu",
        "robots": {
            "index": "index",
            "follow": "follow",
            "max-snippet": "max-snippet:-1",
            "max-image-preview": "max-image-preview:large",
            "max-video-preview": "max-video-preview:-1"
        },
        "canonical": "https:\/\/visitoulufi-2025-10-14_10_27_17.test.cchosting.fi\/fi\/tapahtumat-oulu\/",
        "og_locale": "fi_FI",
        "og_type": "article",
        "og_title": "5 tapahtumaa, joista Oulu tunnetaan! Oulun tapahtumat hurmaavat omintakeisuudellaan - Visit Oulu",
        "og_description": "Oulu on el\u00e4v\u00e4inen tapahtumakaupunki, joka tunnetaan omintakeisuudestaan. Vai milt\u00e4 sinun mielest\u00e4si kuulostavat ilmakitaransoiton mm-kisat, festivaalit j\u00e4\u00e4tyneell\u00e4 merell\u00e4 tai kilpailu, jossa yritt\u00e4j\u00e4t pitchaavat ideoitaan hyyt\u00e4v\u00e4ss\u00e4 avannossa n\u00f6k\u00f6tt\u00e4en? Ei olekaan ihme, ett\u00e4 Oulu on valittu Euroopan kulttuurip\u00e4\u00e4kaupungiksi vuodelle 2026! Listasimme 5 erilaista tapahtumaa, joista Oulu tunnetaan. Monessako n\u00e4ist\u00e4 sin\u00e4 olet vieraillut \u2013 ja mihin suuntaat seuraavaksi? [...]Lue lis\u00e4\u00e4... from 5 tapahtumaa, joista Oulu tunnetaan! Oulun tapahtumat hurmaavat omintakeisuudellaan",
        "og_url": "https:\/\/visitoulufi-2025-10-14_10_27_17.test.cchosting.fi\/fi\/tapahtumat-oulu\/",
        "og_site_name": "Visit Oulu",
        "article_published_time": "2024-04-09T09:04:38+00:00",
        "article_modified_time": "2024-04-09T09:04:39+00:00",
        "og_image": [
            {
                "width": 2048,
                "height": 1365,
                "url": "https:\/\/visitoulufi-2025-10-14_10_27_17.test.cchosting.fi\/wp-content\/uploads\/2024\/04\/Visit-Oulu-Winter-2024-Full-Size-Damon-Eva_-9.jpg",
                "type": "image\/jpeg"
            }
        ],
        "author": "Martta Tervonen",
        "twitter_card": "summary_large_image",
        "twitter_misc": {
            "Kirjoittanut": "Martta Tervonen",
            "Arvioitu lukuaika": "1 minuutti",
            "Written by": "Martta Tervonen"
        },
        "schema": {
            "@context": "https:\/\/schema.org",
            "@graph": [
                {
                    "@type": "WebPage",
                    "@id": "https:\/\/visitoulufi-2025-10-14_10_27_17.test.cchosting.fi\/tapahtumat-oulu\/",
                    "url": "https:\/\/visitoulufi-2025-10-14_10_27_17.test.cchosting.fi\/tapahtumat-oulu\/",
                    "name": "5 tapahtumaa, joista Oulu tunnetaan! Oulun tapahtumat hurmaavat omintakeisuudellaan - Visit Oulu",
                    "isPartOf": {
                        "@id": "https:\/\/visitoulufi-2025-10-14_10_27_17.test.cchosting.fi\/#website"
                    },
                    "primaryImageOfPage": {
                        "@id": "https:\/\/visitoulufi-2025-10-14_10_27_17.test.cchosting.fi\/tapahtumat-oulu\/#primaryimage"
                    },
                    "image": {
                        "@id": "https:\/\/visitoulufi-2025-10-14_10_27_17.test.cchosting.fi\/tapahtumat-oulu\/#primaryimage"
                    },
                    "thumbnailUrl": "https:\/\/visitoulufi-2025-10-14_10_27_17.test.cchosting.fi\/wp-content\/uploads\/2024\/04\/Visit-Oulu-Winter-2024-Full-Size-Damon-Eva_-9.jpg",
                    "datePublished": "2024-04-09T09:04:38+00:00",
                    "dateModified": "2024-04-09T09:04:39+00:00",
                    "author": {
                        "@id": "https:\/\/visitoulufi-2025-10-14_10_27_17.test.cchosting.fi\/#\/schema\/person\/e4fa22cddd885815635ef576a4671ea5"
                    },
                    "breadcrumb": {
                        "@id": "https:\/\/visitoulufi-2025-10-14_10_27_17.test.cchosting.fi\/tapahtumat-oulu\/#breadcrumb"
                    },
                    "inLanguage": "fi",
                    "potentialAction": [
                        {
                            "@type": "ReadAction",
                            "target": [
                                "https:\/\/visitoulufi-2025-10-14_10_27_17.test.cchosting.fi\/tapahtumat-oulu\/"
                            ]
                        }
                    ]
                },
                {
                    "@type": "ImageObject",
                    "inLanguage": "fi",
                    "@id": "https:\/\/visitoulufi-2025-10-14_10_27_17.test.cchosting.fi\/tapahtumat-oulu\/#primaryimage",
                    "url": "https:\/\/visitoulufi-2025-10-14_10_27_17.test.cchosting.fi\/wp-content\/uploads\/2024\/04\/Visit-Oulu-Winter-2024-Full-Size-Damon-Eva_-9.jpg",
                    "contentUrl": "https:\/\/visitoulufi-2025-10-14_10_27_17.test.cchosting.fi\/wp-content\/uploads\/2024\/04\/Visit-Oulu-Winter-2024-Full-Size-Damon-Eva_-9.jpg",
                    "width": 2048,
                    "height": 1365
                },
                {
                    "@type": "BreadcrumbList",
                    "@id": "https:\/\/visitoulufi-2025-10-14_10_27_17.test.cchosting.fi\/tapahtumat-oulu\/#breadcrumb",
                    "itemListElement": [
                        {
                            "@type": "ListItem",
                            "position": 1,
                            "name": "Etusivu",
                            "item": "https:\/\/visitoulufi-2025-10-14_10_27_17.test.cchosting.fi\/"
                        },
                        {
                            "@type": "ListItem",
                            "position": 2,
                            "name": "5 tapahtumaa, joista Oulu tunnetaan! Oulun tapahtumat hurmaavat omintakeisuudellaan"
                        }
                    ]
                },
                {
                    "@type": "WebSite",
                    "@id": "https:\/\/visitoulufi-2025-10-14_10_27_17.test.cchosting.fi\/#website",
                    "url": "https:\/\/visitoulufi-2025-10-14_10_27_17.test.cchosting.fi\/",
                    "name": "Visit Oulu",
                    "description": "",
                    "potentialAction": [
                        {
                            "@type": "SearchAction",
                            "target": {
                                "@type": "EntryPoint",
                                "urlTemplate": "https:\/\/visitoulufi-2025-10-14_10_27_17.test.cchosting.fi\/?s={search_term_string}"
                            },
                            "query-input": {
                                "@type": "PropertyValueSpecification",
                                "valueRequired": true,
                                "valueName": "search_term_string"
                            }
                        }
                    ],
                    "inLanguage": "fi"
                },
                {
                    "@type": "Person",
                    "@id": "https:\/\/visitoulufi-2025-10-14_10_27_17.test.cchosting.fi\/#\/schema\/person\/e4fa22cddd885815635ef576a4671ea5",
                    "name": "Martta Tervonen",
                    "image": {
                        "@type": "ImageObject",
                        "inLanguage": "fi",
                        "@id": "https:\/\/visitoulufi-2025-10-14_10_27_17.test.cchosting.fi\/#\/schema\/person\/image\/f7518900e54810cb0b6e210276371a2b",
                        "url": "https:\/\/secure.gravatar.com\/avatar\/5d56cbcb037a03cd27f55c0d517ea5d960decae21472e09ed443ee49b54972e6?s=96&d=mm&r=g",
                        "contentUrl": "https:\/\/secure.gravatar.com\/avatar\/5d56cbcb037a03cd27f55c0d517ea5d960decae21472e09ed443ee49b54972e6?s=96&d=mm&r=g",
                        "caption": "Martta Tervonen"
                    },
                    "url": "http:\/\/visitoulufi-2025-10-14_10_27_17.test.cchosting.fi\/fi\/author\/martta\/"
                }
            ]
        }
    },
    "_links": {
        "self": [
            {
                "href": "http:\/\/visitoulufi-2025-10-14_10_27_17.test.cchosting.fi\/fi\/wp-json\/wp\/v2\/posts\/7244",
                "targetHints": {
                    "allow": [
                        "GET"
                    ]
                }
            }
        ],
        "collection": [
            {
                "href": "http:\/\/visitoulufi-2025-10-14_10_27_17.test.cchosting.fi\/fi\/wp-json\/wp\/v2\/posts"
            }
        ],
        "about": [
            {
                "href": "http:\/\/visitoulufi-2025-10-14_10_27_17.test.cchosting.fi\/fi\/wp-json\/wp\/v2\/types\/post"
            }
        ],
        "author": [
            {
                "embeddable": true,
                "href": "http:\/\/visitoulufi-2025-10-14_10_27_17.test.cchosting.fi\/fi\/wp-json\/wp\/v2\/users\/16"
            }
        ],
        "replies": [
            {
                "embeddable": true,
                "href": "http:\/\/visitoulufi-2025-10-14_10_27_17.test.cchosting.fi\/fi\/wp-json\/wp\/v2\/comments?post=7244"
            }
        ],
        "version-history": [
            {
                "count": 55,
                "href": "http:\/\/visitoulufi-2025-10-14_10_27_17.test.cchosting.fi\/fi\/wp-json\/wp\/v2\/posts\/7244\/revisions"
            }
        ],
        "predecessor-version": [
            {
                "id": 7309,
                "href": "http:\/\/visitoulufi-2025-10-14_10_27_17.test.cchosting.fi\/fi\/wp-json\/wp\/v2\/posts\/7244\/revisions\/7309"
            }
        ],
        "wp:featuredmedia": [
            {
                "embeddable": true,
                "href": "http:\/\/visitoulufi-2025-10-14_10_27_17.test.cchosting.fi\/fi\/wp-json\/wp\/v2\/media\/7252"
            }
        ],
        "wp:attachment": [
            {
                "href": "http:\/\/visitoulufi-2025-10-14_10_27_17.test.cchosting.fi\/fi\/wp-json\/wp\/v2\/media?parent=7244"
            }
        ],
        "wp:term": [
            {
                "taxonomy": "category",
                "embeddable": true,
                "href": "http:\/\/visitoulufi-2025-10-14_10_27_17.test.cchosting.fi\/fi\/wp-json\/wp\/v2\/categories?post=7244"
            },
            {
                "taxonomy": "post_tag",
                "embeddable": true,
                "href": "http:\/\/visitoulufi-2025-10-14_10_27_17.test.cchosting.fi\/fi\/wp-json\/wp\/v2\/tags?post=7244"
            },
            {
                "taxonomy": "author",
                "embeddable": true,
                "href": "http:\/\/visitoulufi-2025-10-14_10_27_17.test.cchosting.fi\/fi\/wp-json\/wp\/v2\/coauthors?post=7244"
            }
        ],
        "curies": [
            {
                "name": "wp",
                "href": "https:\/\/api.w.org\/{rel}",
                "templated": true
            }
        ]
    }
}